{"id":1551,"date":"2022-09-02T13:22:35","date_gmt":"2022-09-02T13:22:35","guid":{"rendered":"http:\/\/damel.pt\/?p=1551"},"modified":"2022-09-02T13:22:45","modified_gmt":"2022-09-02T13:22:45","slug":"fibrenamics-video-09-10-2013","status":"publish","type":"post","link":"https:\/\/damel.pt\/en\/fibrenamics-video-09-10-2013\/","title":{"rendered":"FIBRENAMICS Video \u2013 09\/10\/2013"},"content":{"rendered":"<p>The extraordinary world of fibers-Episode 5-personal protection.<\/p>\n\n\n\n<figure class=\"wp-block-embed is-type-video is-provider-youtube wp-block-embed-youtube wp-embed-aspect-16-9 wp-has-aspect-ratio\"><div class=\"wp-block-embed__wrapper\">\n<iframe title=\"FIBRENAMICS: O Extraordin\u00e1rio Mundo das Fibras - Epis\u00f3dio 5 - Protec\u00e7\u00e3o Pessoal\" width=\"800\" height=\"450\" src=\"https:\/\/www.youtube.com\/embed\/pTKFpwhUdu4?feature=oembed\" frameborder=\"0\" allow=\"accelerometer; autoplay; clipboard-write; encrypted-media; gyroscope; picture-in-picture\" allowfullscreen><\/iframe>\n<\/div><\/figure>","protected":false},"excerpt":{"rendered":"<p>The extraordinary world of fibers-Episode 5-personal protection.<\/p>","protected":false},"author":1,"featured_media":213,"comment_status":"closed","ping_status":"closed","sticky":false,"template":"","format":"standard","meta":{"footnotes":""},"categories":[54],"tags":[],"class_list":["post-1551","post","type-post","status-publish","format-standard","has-post-thumbnail","hentry","category-news"],"_links":{"self":[{"href":"https:\/\/damel.pt\/en\/wp-json\/wp\/v2\/posts\/1551","targetHints":{"allow":["GET"]}}],"collection":[{"href":"https:\/\/damel.pt\/en\/wp-json\/wp\/v2\/posts"}],"about":[{"href":"https:\/\/damel.pt\/en\/wp-json\/wp\/v2\/types\/post"}],"author":[{"embeddable":true,"href":"https:\/\/damel.pt\/en\/wp-json\/wp\/v2\/users\/1"}],"replies":[{"embeddable":true,"href":"https:\/\/damel.pt\/en\/wp-json\/wp\/v2\/comments?post=1551"}],"version-history":[{"count":1,"href":"https:\/\/damel.pt\/en\/wp-json\/wp\/v2\/posts\/1551\/revisions"}],"predecessor-version":[{"id":1552,"href":"https:\/\/damel.pt\/en\/wp-json\/wp\/v2\/posts\/1551\/revisions\/1552"}],"wp:featuredmedia":[{"embeddable":true,"href":"https:\/\/damel.pt\/en\/wp-json\/wp\/v2\/media\/213"}],"wp:attachment":[{"href":"https:\/\/damel.pt\/en\/wp-json\/wp\/v2\/media?parent=1551"}],"wp:term":[{"taxonomy":"category","embeddable":true,"href":"https:\/\/damel.pt\/en\/wp-json\/wp\/v2\/categories?post=1551"},{"taxonomy":"post_tag","embeddable":true,"href":"https:\/\/damel.pt\/en\/wp-json\/wp\/v2\/tags?post=1551"}],"curies":[{"name":"wp","href":"https:\/\/api.w.org\/{rel}","templated":true}]}}