{"id":1920,"date":"2022-10-14T14:21:16","date_gmt":"2022-10-14T14:21:16","guid":{"rendered":"https:\/\/damel.pt\/?p=1920"},"modified":"2022-10-17T14:57:22","modified_gmt":"2022-10-17T14:57:22","slug":"change-in-the-manufacturing-process-through-the-total-automation-of-the-production-system","status":"publish","type":"post","link":"https:\/\/damel.pt\/en\/change-in-the-manufacturing-process-through-the-total-automation-of-the-production-system\/","title":{"rendered":"Change in the manufacturing process through the total automation of the production system"},"content":{"rendered":"<p><img decoding=\"async\" class=\"alignnone wp-image-1847\" src=\"https:\/\/damel.pt\/wp-content\/uploads\/2022\/10\/barra_feder-2-300x39.jpg\" alt=\"\" width=\"500\" height=\"65\" srcset=\"https:\/\/damel.pt\/wp-content\/uploads\/2022\/10\/barra_feder-2-300x39.jpg 300w, https:\/\/damel.pt\/wp-content\/uploads\/2022\/10\/barra_feder-2-1024x132.jpg 1024w, https:\/\/damel.pt\/wp-content\/uploads\/2022\/10\/barra_feder-2-768x99.jpg 768w, https:\/\/damel.pt\/wp-content\/uploads\/2022\/10\/barra_feder-2-1536x198.jpg 1536w, https:\/\/damel.pt\/wp-content\/uploads\/2022\/10\/barra_feder-2-2048x264.jpg 2048w, https:\/\/damel.pt\/wp-content\/uploads\/2022\/10\/barra_feder-2-600x77.jpg 600w\" sizes=\"(max-width: 500px) 100vw, 500px\" \/><\/p>\n<div class=\"elementor-element elementor-element-cef21eb elementor-widget elementor-widget-text-editor\" data-id=\"cef21eb\" data-element_type=\"widget\" data-widget_type=\"text-editor.default\">\n<div class=\"elementor-widget-container\">\n<p><strong>Designa\u00e7\u00e3o do projeto<\/strong>: Altera\u00e7\u00e3o do processo de fabrico atrav\u00e9s da automatiza\u00e7\u00e3o total do sistema produtivo<\/p>\n<p><strong>C\u00f3digo do Projeto<\/strong>: 180123<\/p>\n<p><strong>Objetivo principal<\/strong>: Altera\u00e7\u00e3o do processo produtivo atrav\u00e9s da automatiza\u00e7\u00e3o total (instala\u00e7\u00e3o sistema de transporte a\u00e9reo) que permitir\u00e1 o controle em tempo real de todo o processo, uma melhor gest\u00e3o e balanceamento do trabalho, uma diminui\u00e7\u00e3o dos tempos mortos e trabalhos n\u00e3o produtivos e melhor organiza\u00e7\u00e3o de todo processo produ\u00e7\u00e3o<\/p>\n<p><strong>Regi\u00e3o de Interven\u00e7\u00e3o<\/strong>\u00a0Norte<\/p>\n<p><strong>Entidade Benefici\u00e1ria<\/strong>: Damel \u2013 Confec\u00e7\u00e3o de Vestu\u00e1rio Lda<\/p>\n<p><strong>Data de aprova\u00e7\u00e3o<\/strong>:14-06-2022<\/p>\n<p><strong>Data de in\u00edcio<\/strong>: 20-09-21<\/p>\n<p><strong>Data de conclus\u00e3o<\/strong>:30-06-2023<\/p>\n<p><strong>Custo total eleg\u00edvel:<\/strong>\u00a0458.187,32 EUR<\/p>\n<p><strong>Apoio financeiro da Uni\u00e3o Europeia<\/strong>: 133.022,13 EUR<\/p>\n<p><strong>Objetivos, atividades e resultados esperados\/atingidos:<\/strong>\u00a0A DAMEL tem uma grande preocupa\u00e7\u00e3o com o meio ambiente e pretende tornar-se numa empresa sustent\u00e1vel em termos ambientais e mais eficiente e rent\u00e1vel em termos produtivos (ind\u00fastria 4.0). Cada vez mais existe uma preocupa\u00e7\u00e3o com o meio ambiente e a pegada de carbono por parte dos seus clientes (t\u00eam clientes com a produ\u00e7\u00e3o e artigos 100% livres de pl\u00e1stico e totalmente biodegrad\u00e1veis com usos de mat\u00e9rias-primas recicl\u00e1veis). Foi nesse sentido que a DAMEL projetou os investimentos considerados neste projeto de inova\u00e7\u00e3o produtiva, nomeadamente, a implementa\u00e7\u00e3o de novos sistemas de produ\u00e7\u00e3o atrav\u00e9s da automatiza\u00e7\u00e3o total de toda a linha de produ\u00e7\u00e3o. O investimento num sistema de transporte a\u00e9reo que permitir\u00e1 a distribui\u00e7\u00e3o autom\u00e1tica de trabalho por todos os postos e que far\u00e1 a gest\u00e3o e balanceamento de cada posto de trabalho durante todo o processo produtivo. A automatiza\u00e7\u00e3o total na \u00e1rea de corte ser\u00e1 atingida com a aquisi\u00e7\u00e3o de uma m\u00e1quina de estender tecido autom\u00e1tica a uma velocidade consider\u00e1vel em rela\u00e7\u00e3o ao ser humano. Estes investimentos em automatiza\u00e7\u00e3o permitir\u00e3o o refor\u00e7o do departamento de ID que faz o desenvolvimento e investiga\u00e7\u00e3o h\u00e1 v\u00e1rios anos. Com a altera\u00e7\u00e3o do layout produtivo e o investimento na melhoria das condi\u00e7\u00f5es de trabalho atrav\u00e9s da instala\u00e7\u00e3o de um sistema de arrefecimento adiab\u00e1tico evaporativo (entrada de ar do exterior e filtragem) e aquecimento por \u00e1gua quente do interior da empresa, a DAMEL pretende adotar m\u00e9todos de produ\u00e7\u00e3o significativamente melhorados, consubstanciados na qualifica\u00e7\u00e3o dos seus recursos humanos (acabar com trabalhos n\u00e3o produtivos e tempos mortos e direcionar os colaboradores para fun\u00e7\u00f5es produtivas) e m\u00e9todos de trabalho mais eficazes. Pretende-se, ainda, e com base na redu\u00e7\u00e3o da pegada de carbono, a instala\u00e7\u00e3o de pain\u00e9is solares para produ\u00e7\u00e3o el\u00e9trica para autoconsumo, com reflexos significativos na fatura energ\u00e9tica, cujo objetivo passa tamb\u00e9m por apresentar-se junto dos seus clientes como um produtor ecologicamente respons\u00e1vel, passando, no contexto da sua estrat\u00e9gia de marketing futura, a apresentar-se junto dos seus clientes como uma ind\u00fastria mais verde e amiga do ambiente. Em suma, com a conclus\u00e3o do presente projeto, \u00e9 objetivo da DAMEL ser uma empresa amiga do ambiente com uma tecnologia 4.0 de automatiza\u00e7\u00e3o e digitaliza\u00e7\u00e3o.<\/p>\n<\/div>\n<\/div>\n<div class=\"elementor-element elementor-element-5793656 elementor-widget elementor-widget-heading\" data-id=\"5793656\" data-element_type=\"widget\" data-widget_type=\"heading.default\">\n<div class=\"elementor-widget-container\">\n<h5 class=\"elementor-heading-title elementor-size-default\"><a href=\"https:\/\/damel.pt\/wp-content\/uploads\/2022\/10\/Publicidade-website-4.pdf\">Ficha do projeto<\/a><\/h5>\n<\/div>\n<\/div>","protected":false},"excerpt":{"rendered":"<p>Designa\u00e7\u00e3o do projeto: Altera\u00e7\u00e3o do processo de fabrico atrav\u00e9s da automatiza\u00e7\u00e3o total do sistema produtivo C\u00f3digo do Projeto: 180123 Objetivo principal: Altera\u00e7\u00e3o do processo produtivo atrav\u00e9s da automatiza\u00e7\u00e3o total (instala\u00e7\u00e3o sistema de transporte a\u00e9reo) que permitir\u00e1 o controle em tempo real de todo o processo, uma melhor gest\u00e3o e balanceamento do trabalho, uma diminui\u00e7\u00e3o dos [&hellip;]<\/p>\n","protected":false},"author":1,"featured_media":1698,"comment_status":"open","ping_status":"open","sticky":false,"template":"","format":"standard","meta":{"footnotes":""},"categories":[173],"tags":[],"class_list":["post-1920","post","type-post","status-publish","format-standard","has-post-thumbnail","hentry","category-projects"],"_links":{"self":[{"href":"https:\/\/damel.pt\/en\/wp-json\/wp\/v2\/posts\/1920","targetHints":{"allow":["GET"]}}],"collection":[{"href":"https:\/\/damel.pt\/en\/wp-json\/wp\/v2\/posts"}],"about":[{"href":"https:\/\/damel.pt\/en\/wp-json\/wp\/v2\/types\/post"}],"author":[{"embeddable":true,"href":"https:\/\/damel.pt\/en\/wp-json\/wp\/v2\/users\/1"}],"replies":[{"embeddable":true,"href":"https:\/\/damel.pt\/en\/wp-json\/wp\/v2\/comments?post=1920"}],"version-history":[{"count":1,"href":"https:\/\/damel.pt\/en\/wp-json\/wp\/v2\/posts\/1920\/revisions"}],"predecessor-version":[{"id":1921,"href":"https:\/\/damel.pt\/en\/wp-json\/wp\/v2\/posts\/1920\/revisions\/1921"}],"wp:featuredmedia":[{"embeddable":true,"href":"https:\/\/damel.pt\/en\/wp-json\/wp\/v2\/media\/1698"}],"wp:attachment":[{"href":"https:\/\/damel.pt\/en\/wp-json\/wp\/v2\/media?parent=1920"}],"wp:term":[{"taxonomy":"category","embeddable":true,"href":"https:\/\/damel.pt\/en\/wp-json\/wp\/v2\/categories?post=1920"},{"taxonomy":"post_tag","embeddable":true,"href":"https:\/\/damel.pt\/en\/wp-json\/wp\/v2\/tags?post=1920"}],"curies":[{"name":"wp","href":"https:\/\/api.w.org\/{rel}","templated":true}]}}