{"id":1929,"date":"2022-10-17T14:29:03","date_gmt":"2022-10-17T14:29:03","guid":{"rendered":"https:\/\/damel.pt\/?p=1929"},"modified":"2024-12-30T12:03:23","modified_gmt":"2024-12-30T12:03:23","slug":"innovation-confection-for-global-markets-2","status":"publish","type":"post","link":"https:\/\/damel.pt\/en\/innovation-confection-for-global-markets-2\/","title":{"rendered":"Innovation confection for global markets"},"content":{"rendered":"<figure class=\"wp-block-image size-full\"><img fetchpriority=\"high\" decoding=\"async\" width=\"768\" height=\"118\" class=\"wp-image-1219\" src=\"https:\/\/damel.pt\/wp-content\/uploads\/2022\/09\/modelos-barras-fundos-v04-3logos-fse-768x118-1.png\" alt=\"\" srcset=\"https:\/\/damel.pt\/wp-content\/uploads\/2022\/09\/modelos-barras-fundos-v04-3logos-fse-768x118-1.png 768w, https:\/\/damel.pt\/wp-content\/uploads\/2022\/09\/modelos-barras-fundos-v04-3logos-fse-768x118-1-600x92.png 600w, https:\/\/damel.pt\/wp-content\/uploads\/2022\/09\/modelos-barras-fundos-v04-3logos-fse-768x118-1-300x46.png 300w\" sizes=\"(max-width: 768px) 100vw, 768px\" \/>\r\n<figcaption><strong>C\u00f3digo do projeto<\/strong>\u00a0| POCI-03-3560-FSE-038048<br \/><br \/><strong>Objetivo principal<\/strong>\u00a0| Promo\u00e7\u00e3o da sustentabilidade e da qualidade do emprego e apoio \u00e0 mobilidade dos trabalhadores.<br \/><br \/><strong>Regi\u00e3o de interven\u00e7\u00e3o<\/strong>\u00a0| P\u00f3voa do Varzim \u2013 Norte<br \/><br \/><strong>Entidade benefici\u00e1ria<\/strong>\u00a0| DAMEL \u2013 Confec\u00e7\u00e3o de Vestu\u00e1rio, Lda.<br \/><br \/><strong>Data de aprova\u00e7\u00e3o<\/strong>\u00a0| 19-04-2018<br \/><br \/><strong>Data de in\u00edcio<\/strong>\u00a0| 04-03-2018<br \/><br \/><strong>Data de conclus\u00e3o<\/strong>\u00a0| 19-12-2019<br \/><br \/><strong>Custo total eleg\u00edvel<\/strong>\u00a0| 95.866,57 euros<br \/><br \/><strong>Apoio financeiro da Uni\u00e3o Europeia<\/strong>\u00a0| Incentivo FSE n\u00e3o reembols\u00e1vel \u2013 45.245,10 euros<br \/><br \/><strong>Objetivos vs Resultados alcan\u00e7ados<\/strong>\u00a0| O projeto fomenta a capacidade de adapta\u00e7\u00e3o a mercados cada vez mais concorrenciais, refor\u00e7ando a forma\u00e7\u00e3o dos empres\u00e1rios e gestores na reorganiza\u00e7\u00e3o e melhoria da capacidade de gest\u00e3o e dos demais colaboradores para a estrat\u00e9gia de inova\u00e7\u00e3o, internacionaliza\u00e7\u00e3o e competitividade da DAMEL.<br \/>Os resultados a alcan\u00e7ar no \u00e2mbito do projeto s\u00e3o os seguintes:<br \/>a) Grau de cumprimento de 100% das atividades previstas no plano de forma\u00e7\u00e3o, aferido atrav\u00e9s da rela\u00e7\u00e3o entre o n\u00famero de horas de forma\u00e7\u00e3o programadas e o n\u00famero de horas de forma\u00e7\u00e3o realizadas no \u00e2mbito do projeto.<br \/>b) Percentagem de 95% de trabalhadores que, por m\u00e9todo de inquiri\u00e7\u00e3o, se considerem mais aptos para a inova\u00e7\u00e3o e gest\u00e3o, em rela\u00e7\u00e3o ao total de trabalhadores abrangidos.<br \/><br \/><strong><a href=\"https:\/\/damel.pt\/wp-content\/uploads\/2022\/09\/4645-fichaprojeto-damel.pdf\">Ficha do Projeto<\/a><\/strong><\/figcaption>\r\n<\/figure>","protected":false},"excerpt":{"rendered":"","protected":false},"author":1,"featured_media":1085,"comment_status":"closed","ping_status":"open","sticky":false,"template":"","format":"standard","meta":{"footnotes":""},"categories":[173],"tags":[],"class_list":["post-1929","post","type-post","status-publish","format-standard","has-post-thumbnail","hentry","category-projects"],"_links":{"self":[{"href":"https:\/\/damel.pt\/en\/wp-json\/wp\/v2\/posts\/1929","targetHints":{"allow":["GET"]}}],"collection":[{"href":"https:\/\/damel.pt\/en\/wp-json\/wp\/v2\/posts"}],"about":[{"href":"https:\/\/damel.pt\/en\/wp-json\/wp\/v2\/types\/post"}],"author":[{"embeddable":true,"href":"https:\/\/damel.pt\/en\/wp-json\/wp\/v2\/users\/1"}],"replies":[{"embeddable":true,"href":"https:\/\/damel.pt\/en\/wp-json\/wp\/v2\/comments?post=1929"}],"version-history":[{"count":1,"href":"https:\/\/damel.pt\/en\/wp-json\/wp\/v2\/posts\/1929\/revisions"}],"predecessor-version":[{"id":1930,"href":"https:\/\/damel.pt\/en\/wp-json\/wp\/v2\/posts\/1929\/revisions\/1930"}],"wp:featuredmedia":[{"embeddable":true,"href":"https:\/\/damel.pt\/en\/wp-json\/wp\/v2\/media\/1085"}],"wp:attachment":[{"href":"https:\/\/damel.pt\/en\/wp-json\/wp\/v2\/media?parent=1929"}],"wp:term":[{"taxonomy":"category","embeddable":true,"href":"https:\/\/damel.pt\/en\/wp-json\/wp\/v2\/categories?post=1929"},{"taxonomy":"post_tag","embeddable":true,"href":"https:\/\/damel.pt\/en\/wp-json\/wp\/v2\/tags?post=1929"}],"curies":[{"name":"wp","href":"https:\/\/api.w.org\/{rel}","templated":true}]}}