{"id":1933,"date":"2022-10-17T14:32:31","date_gmt":"2022-10-17T14:32:31","guid":{"rendered":"https:\/\/damel.pt\/?p=1933"},"modified":"2022-10-17T14:32:31","modified_gmt":"2022-10-17T14:32:31","slug":"sme-qualification-1893","status":"publish","type":"post","link":"https:\/\/damel.pt\/en\/sme-qualification-1893\/","title":{"rendered":"SME Qualification &#8211; 1893"},"content":{"rendered":"<figure class=\"wp-block-image size-full\"><img fetchpriority=\"high\" decoding=\"async\" width=\"768\" height=\"118\" class=\"wp-image-1219\" src=\"https:\/\/damel.pt\/wp-content\/uploads\/2022\/09\/modelos-barras-fundos-v04-3logos-fse-768x118-1.png\" alt=\"\" srcset=\"https:\/\/damel.pt\/wp-content\/uploads\/2022\/09\/modelos-barras-fundos-v04-3logos-fse-768x118-1.png 768w, https:\/\/damel.pt\/wp-content\/uploads\/2022\/09\/modelos-barras-fundos-v04-3logos-fse-768x118-1-600x92.png 600w, https:\/\/damel.pt\/wp-content\/uploads\/2022\/09\/modelos-barras-fundos-v04-3logos-fse-768x118-1-300x46.png 300w\" sizes=\"(max-width: 768px) 100vw, 768px\" \/><\/figure>\r\n\r\n\r\n\r\n<p>Designa\u00e7\u00e3o do projeto: Organiza\u00e7\u00e3o interna dos processos para o incremento da competitividade<\/p>\r\n\r\n\r\n\r\n<p>C\u00f3digo do Projeto: 1893<\/p>\r\n\r\n\r\n\r\n<p>Objetivo principal: Dotar a empresa de compet\u00eancias ao n\u00edvel da inova\u00e7\u00e3o organizacional e gest\u00e3o e ao n\u00edvel da qualidade.<\/p>\r\n\r\n\r\n\r\n<p>Regi\u00e3o de Interven\u00e7\u00e3o: Norte<\/p>\r\n\r\n\r\n\r\n<p>Entidade Benefici\u00e1ria: Damel \u2013 Confec\u00e7\u00e3o de Vestu\u00e1rio Lda.<\/p>\r\n\r\n\r\n\r\n<p>Data de aprova\u00e7\u00e3o: 01-06-2015<br \/>Data de in\u00edcio: 27-05-2015<br \/>Data de conclus\u00e3o: 26-05-2017<br \/>Custo total eleg\u00edvel: 97.565,38 EUR<br \/>Apoio financeiro da Uni\u00e3o Europeia: FEDER \u2013 43.904,42 EUR<\/p>\r\n\r\n\r\n\r\n<p>Objetivos, atividades e resultados esperados\/atingidos: A DAMEL pretende inovar na forma como os seus procedimentos internos est\u00e3o organizados e a forma como os seus processos e produtos se desenvolvem. Neste pressuposto, a empresa vai implementar uma aplica\u00e7\u00e3o (ERP Eurogest), para o redesenho integral de toda a sua gest\u00e3o interna, sendo a mesma constitu\u00edda por um conjunto de m\u00f3dulos que se interligam, concebidos e realizados para dar solu\u00e7\u00e3o eficiente a uma s\u00e9rie de tarefas, c\u00e1lculos e processamentos muito espec\u00edficos para o setor de atividade em que a empresa se posiciona. Os m\u00f3dulos est\u00e3o estruturados de forma a poderem ser utilizados por v\u00e1rios terminais, que podem situar-se dispersos pela f\u00e1brica, conforme as necessidades de acesso dos diversos sectores. No que diz respeito a alguns setores da empresa, em particular os setores da moldagem, do corte e da montagem da produ\u00e7\u00e3o, a empresa pretende igualmente introduzir novos procedimentos de trabalho, fomentando o refor\u00e7o das suas capacidades de gest\u00e3o e a melhoria do layout existente. Neste sentido, e no que concerne ao setor da modelagem, a empresa pretende implementar ferramentas que ir\u00e3o permitir a introdu\u00e7\u00e3o de novos m\u00e9todos no desenvolvimento dos seus processos. Estas ferramentas ir\u00e3o introduzir mudan\u00e7as significativas nos procedimentos de trabalho e na forma como o mesmo \u00e9 organizado ao n\u00edvel da modelagem, agilizando e reduzindo os tempos de trabalho e dessa forma fomentar aumentos de produtividade, tornando a empresa mais competitiva. A empresa pretende implementar e certificar um Sistema de Gest\u00e3o da Qualidade, no \u00e2mbito da Norma NP ISO 9001:2015, com vista \u00e0 melhoria nos processos de atividade da organiza\u00e7\u00e3o, a redu\u00e7\u00e3o de custos e aumento de vendas, redu\u00e7\u00e3o da quantidade de n\u00e3o conformidades no produto, clarifica\u00e7\u00e3o e\/ou defini\u00e7\u00e3o de fun\u00e7\u00f5es e responsabilidades do pessoal, registo, tratamento e redu\u00e7\u00e3o de reclama\u00e7\u00f5es de clientes, permitindo que a certifica\u00e7\u00e3o contribua para manter, desenvolver e melhorar continuamente o SGQ, exercendo uma influ\u00eancia positiva sobre o desempenho dos fornecedores. Para al\u00e9m de todas as vantagens enumeradas com este investimento, o mesmo ir\u00e1 permitir que a DAMEL transmita aos seus potenciais clientes que cumpre os requisitos exigidos ao n\u00edvel do disposto na Norma em quest\u00e3o. A Damel conseguiu atingir todos os objetivos a que se prop\u00f4s com este projeto.<\/p>\r\n\r\n\r\n\r\n<figure class=\"wp-block-image size-full\"><img decoding=\"async\" width=\"500\" height=\"371\" class=\"wp-image-1092\" src=\"https:\/\/damel.pt\/wp-content\/uploads\/2022\/09\/certificado-500x371-1.png\" alt=\"\" srcset=\"https:\/\/damel.pt\/wp-content\/uploads\/2022\/09\/certificado-500x371-1.png 500w, https:\/\/damel.pt\/wp-content\/uploads\/2022\/09\/certificado-500x371-1-300x223.png 300w\" sizes=\"(max-width: 500px) 100vw, 500px\" \/><\/figure>\r\n\r\n\r\n\r\n<h5 class=\"wp-block-heading\"><a href=\"https:\/\/damel.pt\/wp-content\/uploads\/2022\/09\/1893.pdf\">Ficha do projeto<\/a><\/h5>","protected":false},"excerpt":{"rendered":"<p>Designa\u00e7\u00e3o do projeto: Organiza\u00e7\u00e3o interna dos processos para o incremento da competitividade C\u00f3digo do Projeto: 1893 Objetivo principal: Dotar a empresa de compet\u00eancias ao n\u00edvel da inova\u00e7\u00e3o organizacional e gest\u00e3o e ao n\u00edvel da qualidade. Regi\u00e3o de Interven\u00e7\u00e3o: Norte Entidade Benefici\u00e1ria: Damel \u2013 Confec\u00e7\u00e3o de Vestu\u00e1rio Lda. Data de aprova\u00e7\u00e3o: 01-06-2015Data de in\u00edcio: 27-05-2015Data de [&hellip;]<\/p>\n","protected":false},"author":1,"featured_media":1092,"comment_status":"open","ping_status":"open","sticky":false,"template":"","format":"standard","meta":{"footnotes":""},"categories":[173],"tags":[],"class_list":["post-1933","post","type-post","status-publish","format-standard","has-post-thumbnail","hentry","category-projects"],"_links":{"self":[{"href":"https:\/\/damel.pt\/en\/wp-json\/wp\/v2\/posts\/1933","targetHints":{"allow":["GET"]}}],"collection":[{"href":"https:\/\/damel.pt\/en\/wp-json\/wp\/v2\/posts"}],"about":[{"href":"https:\/\/damel.pt\/en\/wp-json\/wp\/v2\/types\/post"}],"author":[{"embeddable":true,"href":"https:\/\/damel.pt\/en\/wp-json\/wp\/v2\/users\/1"}],"replies":[{"embeddable":true,"href":"https:\/\/damel.pt\/en\/wp-json\/wp\/v2\/comments?post=1933"}],"version-history":[{"count":1,"href":"https:\/\/damel.pt\/en\/wp-json\/wp\/v2\/posts\/1933\/revisions"}],"predecessor-version":[{"id":1934,"href":"https:\/\/damel.pt\/en\/wp-json\/wp\/v2\/posts\/1933\/revisions\/1934"}],"wp:featuredmedia":[{"embeddable":true,"href":"https:\/\/damel.pt\/en\/wp-json\/wp\/v2\/media\/1092"}],"wp:attachment":[{"href":"https:\/\/damel.pt\/en\/wp-json\/wp\/v2\/media?parent=1933"}],"wp:term":[{"taxonomy":"category","embeddable":true,"href":"https:\/\/damel.pt\/en\/wp-json\/wp\/v2\/categories?post=1933"},{"taxonomy":"post_tag","embeddable":true,"href":"https:\/\/damel.pt\/en\/wp-json\/wp\/v2\/tags?post=1933"}],"curies":[{"name":"wp","href":"https:\/\/api.w.org\/{rel}","templated":true}]}}