{"id":1935,"date":"2022-10-17T14:32:54","date_gmt":"2022-10-17T14:32:54","guid":{"rendered":"https:\/\/damel.pt\/?p=1935"},"modified":"2022-10-17T14:32:54","modified_gmt":"2022-10-17T14:32:54","slug":"production-line-for-waterproof-parts-with-sealed-seams","status":"publish","type":"post","link":"https:\/\/damel.pt\/en\/production-line-for-waterproof-parts-with-sealed-seams\/","title":{"rendered":"Production line for waterproof parts with sealed seams"},"content":{"rendered":"<p>Designa\u00e7\u00e3o do projeto: Linha de Produ\u00e7\u00e3o de Pe\u00e7as Imperme\u00e1veis com Costuras Seladas<\/p>\r\n\r\n\r\n\r\n<p>C\u00f3digo do Projeto: 18450<\/p>\r\n\r\n\r\n\r\n<p>Objetivo principal: Diferenciar e inovar no tipo de produtos que a empresa pode disponibilizar aos seus atuais e futuros clientes.<\/p>\r\n\r\n\r\n\r\n<p>Regi\u00e3o de Interven\u00e7\u00e3o Norte<\/p>\r\n\r\n\r\n\r\n<p>Entidade Benefici\u00e1ria: Damel \u2013 Confec\u00e7\u00e3o de Vestu\u00e1rio Lda<\/p>\r\n\r\n\r\n\r\n<p>Data de aprova\u00e7\u00e3o:27-09-2017<\/p>\r\n\r\n\r\n\r\n<p>Data de in\u00edcio: 25-08-2017<\/p>\r\n\r\n\r\n\r\n<p>Data de conclus\u00e3o:26-05-2019<\/p>\r\n\r\n\r\n\r\n<p>Custo total eleg\u00edvel: 327746,43 EUR (FEDER) e 49411,37 EUR (FSE)<\/p>\r\n\r\n\r\n\r\n<p>Apoio financeiro da Uni\u00e3o Europeia: FEDER \u2013 163873,22 EUR e FSE \u2013 29646,82 EUR<\/p>\r\n\r\n\r\n\r\n<p>Objetivos, atividades e resultados esperados\/atingidos: aumentar a sua capacidade produtiva, e a cria\u00e7\u00e3o de uma nova linha de produ\u00e7\u00e3o com impacto ao n\u00edvel de uma maior competitividade por via dainova\u00e7\u00e3o no processo que permitir\u00e1 o desenvolvimento de novos produtos (blus\u00e3o de penas imperme\u00e1vel com costuras seladas) por via do apetrechamento tecnol\u00f3gico da sec\u00e7\u00e3o de produ\u00e7\u00e3o de forma a permitir obter pe\u00e7as imperme\u00e1veis e com costuras seladas.<\/p>\r\n\r\n\r\n\r\n<p>O projeto engloba ainda a componente de forma\u00e7\u00e3o profissional, com a realiza\u00e7\u00e3o de tr\u00eas cursos, nas \u00e1reas de ind\u00fastrias do t\u00eaxtil, vestu\u00e1rio, cal\u00e7ado e couro, com o objetivo de assegurar a compet\u00eancia t\u00e9cnica na utiliza\u00e7\u00e3o de equipamentos em todas as fases do processo, e tamb\u00e9m otimizar a produtividade por posto de trabalho j\u00e1 que a introdu\u00e7\u00e3o de novos equipamentos e da nova linha implica a rean\u00e1lise dos postos de trabalho e a reorganiza\u00e7\u00e3o de recursos. Visa criar momento e espa\u00e7o pr\u00f3prios para envolver todas as pessoas nesta fase de mudan\u00e7a, bem como alimentar o clima organizacional que se vive na damel, no qual a aprendizagem \u00e9 constante e a todos os n\u00edveis, desde o\/a colaborador\/a, passando pela equipa, at\u00e9 ao gestor e \u00e0 incorpora\u00e7\u00e3o do conhecimento na hist\u00f3ria e dia a dia da organiza\u00e7\u00e3o.<\/p>\r\n\r\n\r\n\r\n<h5 class=\"wp-block-heading\"><a href=\"https:\/\/damel.pt\/wp-content\/uploads\/2022\/09\/publicidade-website-2.pdf\">Ficha do projeto<\/a><\/h5>","protected":false},"excerpt":{"rendered":"<p>Designa\u00e7\u00e3o do projeto: Linha de Produ\u00e7\u00e3o de Pe\u00e7as Imperme\u00e1veis com Costuras Seladas C\u00f3digo do Projeto: 18450 Objetivo principal: Diferenciar e inovar no tipo de produtos que a empresa pode disponibilizar aos seus atuais e futuros clientes. Regi\u00e3o de Interven\u00e7\u00e3o Norte Entidade Benefici\u00e1ria: Damel \u2013 Confec\u00e7\u00e3o de Vestu\u00e1rio Lda Data de aprova\u00e7\u00e3o:27-09-2017 Data de in\u00edcio: 25-08-2017 [&hellip;]<\/p>\n","protected":false},"author":1,"featured_media":1085,"comment_status":"open","ping_status":"open","sticky":false,"template":"","format":"standard","meta":{"footnotes":""},"categories":[173],"tags":[],"class_list":["post-1935","post","type-post","status-publish","format-standard","has-post-thumbnail","hentry","category-projects"],"_links":{"self":[{"href":"https:\/\/damel.pt\/en\/wp-json\/wp\/v2\/posts\/1935","targetHints":{"allow":["GET"]}}],"collection":[{"href":"https:\/\/damel.pt\/en\/wp-json\/wp\/v2\/posts"}],"about":[{"href":"https:\/\/damel.pt\/en\/wp-json\/wp\/v2\/types\/post"}],"author":[{"embeddable":true,"href":"https:\/\/damel.pt\/en\/wp-json\/wp\/v2\/users\/1"}],"replies":[{"embeddable":true,"href":"https:\/\/damel.pt\/en\/wp-json\/wp\/v2\/comments?post=1935"}],"version-history":[{"count":1,"href":"https:\/\/damel.pt\/en\/wp-json\/wp\/v2\/posts\/1935\/revisions"}],"predecessor-version":[{"id":1936,"href":"https:\/\/damel.pt\/en\/wp-json\/wp\/v2\/posts\/1935\/revisions\/1936"}],"wp:featuredmedia":[{"embeddable":true,"href":"https:\/\/damel.pt\/en\/wp-json\/wp\/v2\/media\/1085"}],"wp:attachment":[{"href":"https:\/\/damel.pt\/en\/wp-json\/wp\/v2\/media?parent=1935"}],"wp:term":[{"taxonomy":"category","embeddable":true,"href":"https:\/\/damel.pt\/en\/wp-json\/wp\/v2\/categories?post=1935"},{"taxonomy":"post_tag","embeddable":true,"href":"https:\/\/damel.pt\/en\/wp-json\/wp\/v2\/tags?post=1935"}],"curies":[{"name":"wp","href":"https:\/\/api.w.org\/{rel}","templated":true}]}}