{"id":1937,"date":"2022-10-17T14:33:18","date_gmt":"2022-10-17T14:33:18","guid":{"rendered":"https:\/\/damel.pt\/?p=1937"},"modified":"2022-10-17T14:34:32","modified_gmt":"2022-10-17T14:34:32","slug":"sme-internationalization-1905","status":"publish","type":"post","link":"https:\/\/damel.pt\/en\/sme-internationalization-1905\/","title":{"rendered":"SME internationalization &#8211; 1905"},"content":{"rendered":"<p>Designa\u00e7\u00e3o do projeto: Internacionaliza\u00e7\u00e3o da Damel com o novo produto SEAB2<br \/>C\u00f3digo do Projeto: 1905<\/p>\r\n\r\n\r\n\r\n<p>Objetivo principal: Fortalecer a capacita\u00e7\u00e3o empresarial da empresa para a internacionaliza\u00e7\u00e3o atrav\u00e9s de novas t\u00e9cnicas de abordagem aos mercados internacionais.<\/p>\r\n\r\n\r\n\r\n<p>Regi\u00e3o de Interven\u00e7\u00e3o: Norte<\/p>\r\n\r\n\r\n\r\n<p>Entidade Benefici\u00e1ria: Damel \u2013 Confec\u00e7\u00e3o de Vestu\u00e1rio Lda.<\/p>\r\n\r\n\r\n\r\n<p>Data de aprova\u00e7\u00e3o: 01-06-2015<br \/>Data de in\u00edcio: 01-09-2015<br \/>Data de conclus\u00e3o: 31-08-2017<br \/>Custo total eleg\u00edvel: 129.679,70 EUR<br \/>Apoio financeiro da Uni\u00e3o Europeia: FEDER \u2013 58.355,87 EUR<\/p>\r\n\r\n\r\n\r\n<p>Objetivos, atividades e resultados esperados\/atingidos: A DAMEL pretende fortalecer a sua capacita\u00e7\u00e3o empresarial para a internacionaliza\u00e7\u00e3o atrav\u00e9s de novas t\u00e9cnicas de abordagem aos mercados internacionais. O novo produto (SEAB2) consiste numa gama de vestu\u00e1rio especializada para ambientes com \u00e1gua, propiciando aos seus utilizadores a devida prote\u00e7\u00e3o e adequa\u00e7\u00e3o \u00e0s tarefas que desempenham<br \/>A empresa pretende dar a conhecer o seu produto, dirigindo-o estrategicamente para mercados onde as caracter\u00edsticas espec\u00edficas do seu produto se adaptam. As tipologias de a\u00e7\u00f5es previstas no projeto s\u00e3o as seguintes a presen\u00e7a em feiras internacionais: no sentido de captar e fidelizar clientes em feiras como ISPO (Alemanha), INTERSEC (Dubai), entre outros; o registo de patentes do SeaB2 no sentido de credibilizar e vender em marca pr\u00f3pria al\u00e9m-fronteiras; a presen\u00e7a Web com a renova\u00e7\u00e3o do website e cria\u00e7\u00e3o de uma loja online e a\u00e7\u00f5es de promo\u00e7\u00e3o: assessoria da imprensa com press-releases.<\/p>\r\n\r\n\r\n\r\n<p>A Damel participou nas feiras previstas (ISPO 2016 e 2017, INTERSEC 2017 e Techtextil North America 2016) , renovou o seu website, divulgou not\u00edcias nos pa\u00edses das feiras (Alemanha, Dubai e EUA) e fez o pedido de patente europeu e internacional (EAU e EUA) do SeaB2 tendo visto j\u00e1 concedida a patente nos EUA.<\/p>\r\n\r\n\r\n\r\n<div id='gallery-1' class='gallery galleryid-1937 gallery-columns-3 gallery-size-thumbnail'><figure class='gallery-item'>\n\t\t\t<div class='gallery-icon landscape'>\n\t\t\t\t<a href='https:\/\/damel.pt\/en\/16229894-414042968945170-1925748229-o-2\/'><img decoding=\"async\" width=\"150\" height=\"150\" src=\"https:\/\/damel.pt\/wp-content\/uploads\/2022\/09\/16229894-414042968945170-1925748229-o-150x150.jpg\" class=\"attachment-thumbnail size-thumbnail\" alt=\"\" srcset=\"https:\/\/damel.pt\/wp-content\/uploads\/2022\/09\/16229894-414042968945170-1925748229-o-150x150.jpg 150w, https:\/\/damel.pt\/wp-content\/uploads\/2022\/09\/16229894-414042968945170-1925748229-o-100x100.jpg 100w\" sizes=\"(max-width: 150px) 100vw, 150px\" \/><\/a>\n\t\t\t<\/div><\/figure><figure class='gallery-item'>\n\t\t\t<div class='gallery-icon portrait'>\n\t\t\t\t<a href='https:\/\/damel.pt\/en\/patente-eua-titulo-de-registo\/'><img decoding=\"async\" width=\"150\" height=\"150\" src=\"https:\/\/damel.pt\/wp-content\/uploads\/2022\/09\/patente-eua-titulo-de-registo-150x150.jpg\" class=\"attachment-thumbnail size-thumbnail\" alt=\"\" srcset=\"https:\/\/damel.pt\/wp-content\/uploads\/2022\/09\/patente-eua-titulo-de-registo-150x150.jpg 150w, https:\/\/damel.pt\/wp-content\/uploads\/2022\/09\/patente-eua-titulo-de-registo-scaled-600x600.jpg 600w, https:\/\/damel.pt\/wp-content\/uploads\/2022\/09\/patente-eua-titulo-de-registo-scaled-100x100.jpg 100w\" sizes=\"(max-width: 150px) 100vw, 150px\" \/><\/a>\n\t\t\t<\/div><\/figure><figure class='gallery-item'>\n\t\t\t<div class='gallery-icon landscape'>\n\t\t\t\t<a href='https:\/\/damel.pt\/en\/img-20160505-wa0005-2\/'><img decoding=\"async\" width=\"150\" height=\"150\" src=\"https:\/\/damel.pt\/wp-content\/uploads\/2022\/09\/img-20160505-wa0005-150x150.jpg\" class=\"attachment-thumbnail size-thumbnail\" alt=\"\" srcset=\"https:\/\/damel.pt\/wp-content\/uploads\/2022\/09\/img-20160505-wa0005-150x150.jpg 150w, https:\/\/damel.pt\/wp-content\/uploads\/2022\/09\/img-20160505-wa0005-600x600.jpg 600w, https:\/\/damel.pt\/wp-content\/uploads\/2022\/09\/img-20160505-wa0005-100x100.jpg 100w\" sizes=\"(max-width: 150px) 100vw, 150px\" \/><\/a>\n\t\t\t<\/div><\/figure><figure class='gallery-item'>\n\t\t\t<div class='gallery-icon landscape'>\n\t\t\t\t<a href='https:\/\/damel.pt\/en\/img-20170205-085811\/'><img loading=\"lazy\" decoding=\"async\" width=\"150\" height=\"150\" src=\"https:\/\/damel.pt\/wp-content\/uploads\/2022\/09\/img-20170205-085811-150x150.jpg\" class=\"attachment-thumbnail size-thumbnail\" alt=\"\" srcset=\"https:\/\/damel.pt\/wp-content\/uploads\/2022\/09\/img-20170205-085811-150x150.jpg 150w, https:\/\/damel.pt\/wp-content\/uploads\/2022\/09\/img-20170205-085811-scaled-600x600.jpg 600w, https:\/\/damel.pt\/wp-content\/uploads\/2022\/09\/img-20170205-085811-scaled-100x100.jpg 100w\" sizes=\"(max-width: 150px) 100vw, 150px\" \/><\/a>\n\t\t\t<\/div><\/figure><figure class='gallery-item'>\n\t\t\t<div class='gallery-icon landscape'>\n\t\t\t\t<a href='https:\/\/damel.pt\/en\/img-20160124-093302\/'><img loading=\"lazy\" decoding=\"async\" width=\"150\" height=\"150\" src=\"https:\/\/damel.pt\/wp-content\/uploads\/2022\/09\/img-20160124-093302-150x150.jpg\" class=\"attachment-thumbnail size-thumbnail\" alt=\"\" srcset=\"https:\/\/damel.pt\/wp-content\/uploads\/2022\/09\/img-20160124-093302-150x150.jpg 150w, https:\/\/damel.pt\/wp-content\/uploads\/2022\/09\/img-20160124-093302-100x100.jpg 100w\" sizes=\"(max-width: 150px) 100vw, 150px\" \/><\/a>\n\t\t\t<\/div><\/figure>\n\t\t<\/div>","protected":false},"excerpt":{"rendered":"<p>Designa\u00e7\u00e3o do projeto: Internacionaliza\u00e7\u00e3o da Damel com o novo produto SEAB2C\u00f3digo do Projeto: 1905 Objetivo principal: Fortalecer a capacita\u00e7\u00e3o empresarial da empresa para a internacionaliza\u00e7\u00e3o atrav\u00e9s de novas t\u00e9cnicas de abordagem aos mercados internacionais. Regi\u00e3o de Interven\u00e7\u00e3o: Norte Entidade Benefici\u00e1ria: Damel \u2013 Confec\u00e7\u00e3o de Vestu\u00e1rio Lda. Data de aprova\u00e7\u00e3o: 01-06-2015Data de in\u00edcio: 01-09-2015Data de conclus\u00e3o: [&hellip;]<\/p>\n","protected":false},"author":1,"featured_media":1236,"comment_status":"open","ping_status":"open","sticky":false,"template":"","format":"standard","meta":{"footnotes":""},"categories":[173],"tags":[],"class_list":["post-1937","post","type-post","status-publish","format-standard","has-post-thumbnail","hentry","category-projects"],"_links":{"self":[{"href":"https:\/\/damel.pt\/en\/wp-json\/wp\/v2\/posts\/1937","targetHints":{"allow":["GET"]}}],"collection":[{"href":"https:\/\/damel.pt\/en\/wp-json\/wp\/v2\/posts"}],"about":[{"href":"https:\/\/damel.pt\/en\/wp-json\/wp\/v2\/types\/post"}],"author":[{"embeddable":true,"href":"https:\/\/damel.pt\/en\/wp-json\/wp\/v2\/users\/1"}],"replies":[{"embeddable":true,"href":"https:\/\/damel.pt\/en\/wp-json\/wp\/v2\/comments?post=1937"}],"version-history":[{"count":1,"href":"https:\/\/damel.pt\/en\/wp-json\/wp\/v2\/posts\/1937\/revisions"}],"predecessor-version":[{"id":1938,"href":"https:\/\/damel.pt\/en\/wp-json\/wp\/v2\/posts\/1937\/revisions\/1938"}],"wp:featuredmedia":[{"embeddable":true,"href":"https:\/\/damel.pt\/en\/wp-json\/wp\/v2\/media\/1236"}],"wp:attachment":[{"href":"https:\/\/damel.pt\/en\/wp-json\/wp\/v2\/media?parent=1937"}],"wp:term":[{"taxonomy":"category","embeddable":true,"href":"https:\/\/damel.pt\/en\/wp-json\/wp\/v2\/categories?post=1937"},{"taxonomy":"post_tag","embeddable":true,"href":"https:\/\/damel.pt\/en\/wp-json\/wp\/v2\/tags?post=1937"}],"curies":[{"name":"wp","href":"https:\/\/api.w.org\/{rel}","templated":true}]}}