{"id":1939,"date":"2022-10-17T14:33:43","date_gmt":"2022-10-17T14:33:43","guid":{"rendered":"https:\/\/damel.pt\/?p=1939"},"modified":"2022-10-17T14:33:43","modified_gmt":"2022-10-17T14:33:43","slug":"covid-19-productive-innovation","status":"publish","type":"post","link":"https:\/\/damel.pt\/en\/covid-19-productive-innovation\/","title":{"rendered":"Covid-19 Productive Innovation"},"content":{"rendered":"<figure class=\"wp-block-image size-full\"><img fetchpriority=\"high\" decoding=\"async\" class=\"alignnone wp-image-1847\" src=\"https:\/\/damel.pt\/wp-content\/uploads\/2022\/10\/barra_feder-2-300x39.jpg\" alt=\"\" width=\"708\" height=\"92\" srcset=\"https:\/\/damel.pt\/wp-content\/uploads\/2022\/10\/barra_feder-2-300x39.jpg 300w, https:\/\/damel.pt\/wp-content\/uploads\/2022\/10\/barra_feder-2-1024x132.jpg 1024w, https:\/\/damel.pt\/wp-content\/uploads\/2022\/10\/barra_feder-2-768x99.jpg 768w, https:\/\/damel.pt\/wp-content\/uploads\/2022\/10\/barra_feder-2-1536x198.jpg 1536w, https:\/\/damel.pt\/wp-content\/uploads\/2022\/10\/barra_feder-2-2048x264.jpg 2048w, https:\/\/damel.pt\/wp-content\/uploads\/2022\/10\/barra_feder-2-600x77.jpg 600w\" sizes=\"(max-width: 708px) 100vw, 708px\" \/>\r\n<figcaption>\r\n<p><strong>Designa\u00e7\u00e3o do projeto:<\/strong> Adapta\u00e7\u00e3o da produ\u00e7\u00e3o no combate ao COVID-19<\/p>\r\n<p><strong>C\u00f3digo do Projeto:<\/strong> NORTE-02-08B9-FEDER-048754<\/p>\r\n<p><strong>Objetivo principal:<\/strong> Refor\u00e7ar a competitividade das PME<\/p>\r\n<p>Regi\u00e3o de Interven\u00e7\u00e3o Norte<\/p>\r\n<p><strong>Entidade Benefici\u00e1ria:<\/strong> Damel \u2013 Confec\u00e7\u00e3o de Vestu\u00e1rio Lda<\/p>\r\n<p><strong>Data de aprova\u00e7\u00e3o: <\/strong>25-06-2020<\/p>\r\n<p><strong>Data de in\u00edcio:<\/strong> 05-06-2020<\/p>\r\n<p><strong>Data de conclus\u00e3o: <\/strong>25-08-2020<\/p>\r\n<p><strong>Custo total eleg\u00edvel:<\/strong> 122142,30 EUR<\/p>\r\n<p><strong>Apoio financeiro da Uni\u00e3o Europeia:<\/strong> 97713,84 EUR<\/p>\r\n<p>Objetivos, atividades e resultados esperados\/atingidos: Com a realiza\u00e7\u00e3o do presente projeto a DAMEL pretende assegurar a preven\u00e7\u00e3o da doen\u00e7a COVID-19, atrav\u00e9s da produ\u00e7\u00e3o de novos produtos (equipamentos m\u00e9dicos \u2013 vestu\u00e1rio e equipamentos de prote\u00e7\u00e3o), reduzindo dessa forma os impactos econ\u00f3micos advenientes da referida pandemia. E ainda, assegurar o equil\u00edbrio da sua estrutura financeira.<\/p>\r\n<p>Impacto esperado do Projeto na Competitividade da Empresa:O projeto ter\u00e1 um forte impacto na competitividade da empresa, permitindo-lhe combater o novo v\u00edrus e manter a sua estrutura financeira equilibrada, evitando situa\u00e7\u00f5es de lay-off.<\/p>\r\n<p>Desta forma, contribuir\u00e1 para a diminui\u00e7\u00e3o da necessidade de determinados bens e servi\u00e7os relevantes no contexto do combate da COVID-19, nomeadamente, m\u00e1scaras, cobre botas\/sapatos, fatos integrais com p\u00e9 e sem p\u00e9 com capuz, cogulas, manguitos, batas hospitalares, m\u00e1scaras e cal\u00e7as, e por outro, alcan\u00e7ar novos mercados de atua\u00e7\u00e3o, contribuindo para o aumento de encomendas e consequentemente para o acr\u00e9scimo da sua fatura\u00e7\u00e3o.<\/p>\r\n<p>&nbsp;<\/p>\r\n<br \/><strong><a href=\"http:\/\/damel.pt\/wp-content\/uploads\/2022\/09\/damel-fichaprojeto-covid-website-3.pdf\">Ficha do Projeto<\/a><\/strong><\/figcaption>\r\n<\/figure>","protected":false},"excerpt":{"rendered":"","protected":false},"author":1,"featured_media":1084,"comment_status":"open","ping_status":"open","sticky":false,"template":"","format":"standard","meta":{"footnotes":""},"categories":[173],"tags":[],"class_list":["post-1939","post","type-post","status-publish","format-standard","has-post-thumbnail","hentry","category-projects"],"_links":{"self":[{"href":"https:\/\/damel.pt\/en\/wp-json\/wp\/v2\/posts\/1939","targetHints":{"allow":["GET"]}}],"collection":[{"href":"https:\/\/damel.pt\/en\/wp-json\/wp\/v2\/posts"}],"about":[{"href":"https:\/\/damel.pt\/en\/wp-json\/wp\/v2\/types\/post"}],"author":[{"embeddable":true,"href":"https:\/\/damel.pt\/en\/wp-json\/wp\/v2\/users\/1"}],"replies":[{"embeddable":true,"href":"https:\/\/damel.pt\/en\/wp-json\/wp\/v2\/comments?post=1939"}],"version-history":[{"count":1,"href":"https:\/\/damel.pt\/en\/wp-json\/wp\/v2\/posts\/1939\/revisions"}],"predecessor-version":[{"id":1940,"href":"https:\/\/damel.pt\/en\/wp-json\/wp\/v2\/posts\/1939\/revisions\/1940"}],"wp:featuredmedia":[{"embeddable":true,"href":"https:\/\/damel.pt\/en\/wp-json\/wp\/v2\/media\/1084"}],"wp:attachment":[{"href":"https:\/\/damel.pt\/en\/wp-json\/wp\/v2\/media?parent=1939"}],"wp:term":[{"taxonomy":"category","embeddable":true,"href":"https:\/\/damel.pt\/en\/wp-json\/wp\/v2\/categories?post=1939"},{"taxonomy":"post_tag","embeddable":true,"href":"https:\/\/damel.pt\/en\/wp-json\/wp\/v2\/tags?post=1939"}],"curies":[{"name":"wp","href":"https:\/\/api.w.org\/{rel}","templated":true}]}}